{"@context":"https:\/\/schema.org\/","@type":"CollectionPage","@id":"https:\/\/www.contejner.cz\/sluzby\/#CollectionPage","headline":"Slu\u017eby Category","description":"","url":"https:\/\/www.contejner.cz\/sluzby\/","hasPart":[{"@type":"Article","@id":"https:\/\/www.contejner.cz\/domacnost-podle-vlastniho-vkusu-navic-se-skrinemi-na-miru\/","headline":"Dom\u00e1cnost podle vlastn\u00edho vkusu nav\u00edc se sk\u0159\u00edn\u011bmi na m\u00edru","url":"https:\/\/www.contejner.cz\/domacnost-podle-vlastniho-vkusu-navic-se-skrinemi-na-miru\/","datePublished":"2021-09-19","dateModified":"2023-04-30","mainEntityOfPage":"https:\/\/www.contejner.cz\/domacnost-podle-vlastniho-vkusu-navic-se-skrinemi-na-miru\/","author":{"@type":"Person","@id":"https:\/\/www.contejner.cz\/author\/#Person","name":"","url":"https:\/\/www.contejner.cz\/author\/","identifier":1,"image":{"@type":"ImageObject","@id":"https:\/\/secure.gravatar.com\/avatar\/11f8c6ff4d174e1ebef1d6401491d0892ff6534e7a3312fbf752a8f90a4375cd?s=96&d=mm&r=g","url":"https:\/\/secure.gravatar.com\/avatar\/11f8c6ff4d174e1ebef1d6401491d0892ff6534e7a3312fbf752a8f90a4375cd?s=96&d=mm&r=g","height":96,"width":96}},"publisher":{"@type":"Organization","name":"contejner.cz","logo":{"@type":"ImageObject","@id":"\/logo.png","url":"\/logo.png","width":600,"height":60}},"image":{"@type":"ImageObject","@id":"https:\/\/www.contejner.cz\/wp-content\/uploads\/modern%C3%AD%20interi%C3%A9r_10_1.jpg","url":"https:\/\/www.contejner.cz\/wp-content\/uploads\/modern%C3%AD%20interi%C3%A9r_10_1.jpg","height":0,"width":0},"keywords":null},{"@type":"Article","@id":"https:\/\/www.contejner.cz\/jak-se-pocita-u-deratizace-bytu-cena\/","headline":"Jak se po\u010d\u00edt\u00e1 u deratizace bytu cena","url":"https:\/\/www.contejner.cz\/jak-se-pocita-u-deratizace-bytu-cena\/","datePublished":"2021-06-12","dateModified":"2023-10-16","mainEntityOfPage":"https:\/\/www.contejner.cz\/jak-se-pocita-u-deratizace-bytu-cena\/","author":{"@type":"Person","@id":"https:\/\/www.contejner.cz\/author\/#Person","name":"","url":"https:\/\/www.contejner.cz\/author\/","identifier":1,"image":{"@type":"ImageObject","@id":"https:\/\/secure.gravatar.com\/avatar\/11f8c6ff4d174e1ebef1d6401491d0892ff6534e7a3312fbf752a8f90a4375cd?s=96&d=mm&r=g","url":"https:\/\/secure.gravatar.com\/avatar\/11f8c6ff4d174e1ebef1d6401491d0892ff6534e7a3312fbf752a8f90a4375cd?s=96&d=mm&r=g","height":96,"width":96}},"publisher":{"@type":"Organization","name":"contejner.cz","logo":{"@type":"ImageObject","@id":"\/logo.png","url":"\/logo.png","width":600,"height":60}},"image":{"@type":"ImageObject","@id":"https:\/\/www.contejner.cz\/wp-content\/uploads\/mys2_1.jpg","url":"https:\/\/www.contejner.cz\/wp-content\/uploads\/mys2_1.jpg","height":0,"width":0},"keywords":null},{"@type":"Article","@id":"https:\/\/www.contejner.cz\/umite-si-vypocitat-cistou-mzdu-zjistete-si-predem-kolik-vam-zamestnavatel-skutecne-zaplati\/","headline":"Um\u00edte si vypo\u010d\u00edtat \u010distou mzdu? Zjist\u011bte si p\u0159edem, kolik v\u00e1m zam\u011bstnavatel skute\u010dn\u011b zaplat\u00ed!","url":"https:\/\/www.contejner.cz\/umite-si-vypocitat-cistou-mzdu-zjistete-si-predem-kolik-vam-zamestnavatel-skutecne-zaplati\/","datePublished":"2021-06-12","dateModified":"2023-04-30","mainEntityOfPage":"https:\/\/www.contejner.cz\/umite-si-vypocitat-cistou-mzdu-zjistete-si-predem-kolik-vam-zamestnavatel-skutecne-zaplati\/","author":{"@type":"Person","@id":"https:\/\/www.contejner.cz\/author\/#Person","name":"","url":"https:\/\/www.contejner.cz\/author\/","identifier":1,"image":{"@type":"ImageObject","@id":"https:\/\/secure.gravatar.com\/avatar\/11f8c6ff4d174e1ebef1d6401491d0892ff6534e7a3312fbf752a8f90a4375cd?s=96&d=mm&r=g","url":"https:\/\/secure.gravatar.com\/avatar\/11f8c6ff4d174e1ebef1d6401491d0892ff6534e7a3312fbf752a8f90a4375cd?s=96&d=mm&r=g","height":96,"width":96}},"publisher":{"@type":"Organization","name":"contejner.cz","logo":{"@type":"ImageObject","@id":"\/logo.png","url":"\/logo.png","width":600,"height":60}},"image":{"@type":"ImageObject","@id":"https:\/\/www.contejner.cz\/wp-content\/uploads\/pexels-photo-6693655_2.jpeg","url":"https:\/\/www.contejner.cz\/wp-content\/uploads\/pexels-photo-6693655_2.jpeg","height":0,"width":0},"keywords":null},{"@type":"Article","@id":"https:\/\/www.contejner.cz\/novostavby\/","headline":"Novostavby","url":"https:\/\/www.contejner.cz\/novostavby\/","datePublished":"2021-04-01","dateModified":"2023-10-06","mainEntityOfPage":"https:\/\/www.contejner.cz\/novostavby\/","author":{"@type":"Person","@id":"https:\/\/www.contejner.cz\/author\/#Person","name":"","url":"https:\/\/www.contejner.cz\/author\/","identifier":1,"image":{"@type":"ImageObject","@id":"https:\/\/secure.gravatar.com\/avatar\/11f8c6ff4d174e1ebef1d6401491d0892ff6534e7a3312fbf752a8f90a4375cd?s=96&d=mm&r=g","url":"https:\/\/secure.gravatar.com\/avatar\/11f8c6ff4d174e1ebef1d6401491d0892ff6534e7a3312fbf752a8f90a4375cd?s=96&d=mm&r=g","height":96,"width":96}},"publisher":{"@type":"Organization","name":"contejner.cz","logo":{"@type":"ImageObject","@id":"\/logo.png","url":"\/logo.png","width":600,"height":60}},"image":{"@type":"ImageObject","@id":"https:\/\/www.contejner.cz\/wp-content\/uploads\/d%C5%AFm%20u%20mo%C5%99e_1.PNG","url":"https:\/\/www.contejner.cz\/wp-content\/uploads\/d%C5%AFm%20u%20mo%C5%99e_1.PNG","height":0,"width":0},"keywords":null},{"@type":"Article","@id":"https:\/\/www.contejner.cz\/jak-se-prestehovat-a-nezblaznit-se\/","headline":"Jak se p\u0159est\u011bhovat a nezbl\u00e1znit se?","url":"https:\/\/www.contejner.cz\/jak-se-prestehovat-a-nezblaznit-se\/","datePublished":"2021-03-16","dateModified":"2023-04-30","mainEntityOfPage":"https:\/\/www.contejner.cz\/jak-se-prestehovat-a-nezblaznit-se\/","author":{"@type":"Person","@id":"https:\/\/www.contejner.cz\/author\/#Person","name":"","url":"https:\/\/www.contejner.cz\/author\/","identifier":1,"image":{"@type":"ImageObject","@id":"https:\/\/secure.gravatar.com\/avatar\/11f8c6ff4d174e1ebef1d6401491d0892ff6534e7a3312fbf752a8f90a4375cd?s=96&d=mm&r=g","url":"https:\/\/secure.gravatar.com\/avatar\/11f8c6ff4d174e1ebef1d6401491d0892ff6534e7a3312fbf752a8f90a4375cd?s=96&d=mm&r=g","height":96,"width":96}},"publisher":{"@type":"Organization","name":"contejner.cz","logo":{"@type":"ImageObject","@id":"\/logo.png","url":"\/logo.png","width":600,"height":60}},"image":{"@type":"ImageObject","@id":"https:\/\/www.contejner.cz\/wp-content\/uploads\/spole%C4%8Dn%C3%A9%20balen%C3%AD_4.jpg","url":"https:\/\/www.contejner.cz\/wp-content\/uploads\/spole%C4%8Dn%C3%A9%20balen%C3%AD_4.jpg","height":0,"width":0},"keywords":null},{"@type":"Article","@id":"https:\/\/www.contejner.cz\/k-dobre-vaze-vede-zmena-zivotniho-stylu\/","headline":"K dobr\u00e9 v\u00e1ze vede zm\u011bna \u017eivotn\u00edho stylu","url":"https:\/\/www.contejner.cz\/k-dobre-vaze-vede-zmena-zivotniho-stylu\/","datePublished":"2021-03-15","dateModified":"2021-03-15","mainEntityOfPage":"https:\/\/www.contejner.cz\/k-dobre-vaze-vede-zmena-zivotniho-stylu\/","author":{"@type":"Person","@id":"https:\/\/www.contejner.cz\/author\/#Person","name":"","url":"https:\/\/www.contejner.cz\/author\/","identifier":1,"image":{"@type":"ImageObject","@id":"https:\/\/secure.gravatar.com\/avatar\/11f8c6ff4d174e1ebef1d6401491d0892ff6534e7a3312fbf752a8f90a4375cd?s=96&d=mm&r=g","url":"https:\/\/secure.gravatar.com\/avatar\/11f8c6ff4d174e1ebef1d6401491d0892ff6534e7a3312fbf752a8f90a4375cd?s=96&d=mm&r=g","height":96,"width":96}},"publisher":{"@type":"Organization","name":"contejner.cz","logo":{"@type":"ImageObject","@id":"\/logo.png","url":"\/logo.png","width":600,"height":60}},"image":{"@type":"ImageObject","@id":"https:\/\/www.contejner.cz\/wp-content\/uploads\/Avok%C3%A1do_2.jpg","url":"https:\/\/www.contejner.cz\/wp-content\/uploads\/Avok%C3%A1do_2.jpg","height":0,"width":0},"keywords":null},{"@type":"Article","@id":"https:\/\/www.contejner.cz\/vytvarne-aktivity-pro-deti\/","headline":"V\u00fdtvarn\u00e9 aktivity pro d\u011bti","url":"https:\/\/www.contejner.cz\/vytvarne-aktivity-pro-deti\/","datePublished":"2020-12-20","dateModified":"2023-09-18","mainEntityOfPage":"https:\/\/www.contejner.cz\/vytvarne-aktivity-pro-deti\/","author":{"@type":"Person","@id":"https:\/\/www.contejner.cz\/author\/#Person","name":"","url":"https:\/\/www.contejner.cz\/author\/","identifier":1,"image":{"@type":"ImageObject","@id":"https:\/\/secure.gravatar.com\/avatar\/11f8c6ff4d174e1ebef1d6401491d0892ff6534e7a3312fbf752a8f90a4375cd?s=96&d=mm&r=g","url":"https:\/\/secure.gravatar.com\/avatar\/11f8c6ff4d174e1ebef1d6401491d0892ff6534e7a3312fbf752a8f90a4375cd?s=96&d=mm&r=g","height":96,"width":96}},"publisher":{"@type":"Organization","name":"contejner.cz","logo":{"@type":"ImageObject","@id":"\/logo.png","url":"\/logo.png","width":600,"height":60}},"image":{"@type":"ImageObject","@id":"https:\/\/www.contejner.cz\/wp-content\/uploads\/mal%C3%AD%C5%99sk%C3%A9%20um%C4%9Bn%C3%AD.jpg","url":"https:\/\/www.contejner.cz\/wp-content\/uploads\/mal%C3%AD%C5%99sk%C3%A9%20um%C4%9Bn%C3%AD.jpg","height":0,"width":0},"keywords":null},{"@type":"Article","@id":"https:\/\/www.contejner.cz\/saty-na-vasi-pohadkovou-svatbu\/","headline":"\u0160aty na va\u0161i poh\u00e1dkovou svatbu","url":"https:\/\/www.contejner.cz\/saty-na-vasi-pohadkovou-svatbu\/","datePublished":"2019-09-16","dateModified":"2023-04-30","mainEntityOfPage":"https:\/\/www.contejner.cz\/saty-na-vasi-pohadkovou-svatbu\/","author":{"@type":"Person","@id":"https:\/\/www.contejner.cz\/author\/#Person","name":"","url":"https:\/\/www.contejner.cz\/author\/","identifier":1,"image":{"@type":"ImageObject","@id":"https:\/\/secure.gravatar.com\/avatar\/11f8c6ff4d174e1ebef1d6401491d0892ff6534e7a3312fbf752a8f90a4375cd?s=96&d=mm&r=g","url":"https:\/\/secure.gravatar.com\/avatar\/11f8c6ff4d174e1ebef1d6401491d0892ff6534e7a3312fbf752a8f90a4375cd?s=96&d=mm&r=g","height":96,"width":96}},"publisher":{"@type":"Organization","name":"contejner.cz","logo":{"@type":"ImageObject","@id":"\/logo.png","url":"\/logo.png","width":600,"height":60}},"image":{"@type":"ImageObject","@id":"https:\/\/www.contejner.cz\/wp-content\/uploads\/img_a343560_w2600_t1556536306.jpg","url":"https:\/\/www.contejner.cz\/wp-content\/uploads\/img_a343560_w2600_t1556536306.jpg","height":0,"width":0},"keywords":null},{"@type":"Article","@id":"https:\/\/www.contejner.cz\/virive-vany-si-ziskaly-velkou-oblibu-v-mnohych-domacnostech\/","headline":"V\u00ed\u0159iv\u00e9 vany si z\u00edskaly velkou oblibu v mnoh\u00fdch dom\u00e1cnostech","url":"https:\/\/www.contejner.cz\/virive-vany-si-ziskaly-velkou-oblibu-v-mnohych-domacnostech\/","datePublished":"2019-09-12","dateModified":"2023-04-30","mainEntityOfPage":"https:\/\/www.contejner.cz\/virive-vany-si-ziskaly-velkou-oblibu-v-mnohych-domacnostech\/","author":{"@type":"Person","@id":"https:\/\/www.contejner.cz\/author\/#Person","name":"","url":"https:\/\/www.contejner.cz\/author\/","identifier":1,"image":{"@type":"ImageObject","@id":"https:\/\/secure.gravatar.com\/avatar\/11f8c6ff4d174e1ebef1d6401491d0892ff6534e7a3312fbf752a8f90a4375cd?s=96&d=mm&r=g","url":"https:\/\/secure.gravatar.com\/avatar\/11f8c6ff4d174e1ebef1d6401491d0892ff6534e7a3312fbf752a8f90a4375cd?s=96&d=mm&r=g","height":96,"width":96}},"publisher":{"@type":"Organization","name":"contejner.cz","logo":{"@type":"ImageObject","@id":"\/logo.png","url":"\/logo.png","width":600,"height":60}},"image":{"@type":"ImageObject","@id":"https:\/\/www.contejner.cz\/wp-content\/uploads\/img_a340081_w1681_t1553163222.jpg","url":"https:\/\/www.contejner.cz\/wp-content\/uploads\/img_a340081_w1681_t1553163222.jpg","height":0,"width":0},"keywords":null},{"@type":"Article","@id":"https:\/\/www.contejner.cz\/na-cesty-jedine-s-aplikaci-mapy\/","headline":"Na cesty jedin\u011b s aplikac\u00ed Mapy","url":"https:\/\/www.contejner.cz\/na-cesty-jedine-s-aplikaci-mapy\/","datePublished":"2019-05-01","dateModified":"2023-04-30","mainEntityOfPage":"https:\/\/www.contejner.cz\/na-cesty-jedine-s-aplikaci-mapy\/","author":{"@type":"Person","@id":"https:\/\/www.contejner.cz\/author\/#Person","name":"","url":"https:\/\/www.contejner.cz\/author\/","identifier":1,"image":{"@type":"ImageObject","@id":"https:\/\/secure.gravatar.com\/avatar\/11f8c6ff4d174e1ebef1d6401491d0892ff6534e7a3312fbf752a8f90a4375cd?s=96&d=mm&r=g","url":"https:\/\/secure.gravatar.com\/avatar\/11f8c6ff4d174e1ebef1d6401491d0892ff6534e7a3312fbf752a8f90a4375cd?s=96&d=mm&r=g","height":96,"width":96}},"publisher":{"@type":"Organization","name":"contejner.cz","logo":{"@type":"ImageObject","@id":"\/logo.png","url":"\/logo.png","width":600,"height":60}},"image":{"@type":"ImageObject","@id":"https:\/\/www.contejner.cz\/wp-content\/uploads\/img_a349631_w2585_t1564572324.jpg","url":"https:\/\/www.contejner.cz\/wp-content\/uploads\/img_a349631_w2585_t1564572324.jpg","height":0,"width":0},"keywords":null}]}