{"@context":"https:\/\/schema.org\/","@type":"CollectionPage","@id":"https:\/\/www.contejner.cz\/sluzby\/#CollectionPage","headline":"Slu\u017eby Category","description":"","url":"https:\/\/www.contejner.cz\/sluzby\/","hasPart":[{"@type":"Article","@id":"https:\/\/www.contejner.cz\/mate-uz-take-bazen\/","headline":"M\u00e1te u\u017e tak\u00e9 baz\u00e9n?","url":"https:\/\/www.contejner.cz\/mate-uz-take-bazen\/","datePublished":"2024-04-13","dateModified":"2024-05-14","mainEntityOfPage":"https:\/\/www.contejner.cz\/mate-uz-take-bazen\/","author":{"@type":"Person","@id":"https:\/\/www.contejner.cz\/author\/#Person","name":"","url":"https:\/\/www.contejner.cz\/author\/","identifier":1,"image":{"@type":"ImageObject","@id":"https:\/\/secure.gravatar.com\/avatar\/11f8c6ff4d174e1ebef1d6401491d0892ff6534e7a3312fbf752a8f90a4375cd?s=96&d=mm&r=g","url":"https:\/\/secure.gravatar.com\/avatar\/11f8c6ff4d174e1ebef1d6401491d0892ff6534e7a3312fbf752a8f90a4375cd?s=96&d=mm&r=g","height":96,"width":96}},"publisher":{"@type":"Organization","name":"contejner.cz","logo":{"@type":"ImageObject","@id":"\/logo.png","url":"\/logo.png","width":600,"height":60}},"image":{"@type":"ImageObject","@id":"https:\/\/www.contejner.cz\/wp-content\/uploads\/bb%20bb.jpg","url":"https:\/\/www.contejner.cz\/wp-content\/uploads\/bb%20bb.jpg","height":0,"width":0},"keywords":null},{"@type":"Article","@id":"https:\/\/www.contejner.cz\/vyrobte-si-domaci-textilie\/","headline":"Vyrobte si dom\u00e1c\u00ed textilie","url":"https:\/\/www.contejner.cz\/vyrobte-si-domaci-textilie\/","datePublished":"2024-02-19","dateModified":"2024-02-19","mainEntityOfPage":"https:\/\/www.contejner.cz\/vyrobte-si-domaci-textilie\/","author":{"@type":"Person","@id":"https:\/\/www.contejner.cz\/author\/#Person","name":"","url":"https:\/\/www.contejner.cz\/author\/","identifier":1,"image":{"@type":"ImageObject","@id":"https:\/\/secure.gravatar.com\/avatar\/11f8c6ff4d174e1ebef1d6401491d0892ff6534e7a3312fbf752a8f90a4375cd?s=96&d=mm&r=g","url":"https:\/\/secure.gravatar.com\/avatar\/11f8c6ff4d174e1ebef1d6401491d0892ff6534e7a3312fbf752a8f90a4375cd?s=96&d=mm&r=g","height":96,"width":96}},"publisher":{"@type":"Organization","name":"contejner.cz","logo":{"@type":"ImageObject","@id":"\/logo.png","url":"\/logo.png","width":600,"height":60}},"image":{"@type":"ImageObject","@id":"https:\/\/www.contejner.cz\/wp-content\/uploads\/fabrics-996560_640(1).jpg","url":"https:\/\/www.contejner.cz\/wp-content\/uploads\/fabrics-996560_640(1).jpg","height":0,"width":0},"keywords":null},{"@type":"Article","@id":"https:\/\/www.contejner.cz\/galose-ani-balerinky-nejsou-eroticke-boty\/","headline":"Galo\u0161e ani baler\u00ednky nejsou erotick\u00e9 boty","url":"https:\/\/www.contejner.cz\/galose-ani-balerinky-nejsou-eroticke-boty\/","datePublished":"2023-08-20","dateModified":"2023-10-06","mainEntityOfPage":"https:\/\/www.contejner.cz\/galose-ani-balerinky-nejsou-eroticke-boty\/","author":{"@type":"Person","@id":"https:\/\/www.contejner.cz\/author\/#Person","name":"","url":"https:\/\/www.contejner.cz\/author\/","identifier":1,"image":{"@type":"ImageObject","@id":"https:\/\/secure.gravatar.com\/avatar\/11f8c6ff4d174e1ebef1d6401491d0892ff6534e7a3312fbf752a8f90a4375cd?s=96&d=mm&r=g","url":"https:\/\/secure.gravatar.com\/avatar\/11f8c6ff4d174e1ebef1d6401491d0892ff6534e7a3312fbf752a8f90a4375cd?s=96&d=mm&r=g","height":96,"width":96}},"publisher":{"@type":"Organization","name":"contejner.cz","logo":{"@type":"ImageObject","@id":"\/logo.png","url":"\/logo.png","width":600,"height":60}},"image":{"@type":"ImageObject","@id":"https:\/\/www.contejner.cz\/wp-content\/uploads\/high-heels-2876125_640.jpg","url":"https:\/\/www.contejner.cz\/wp-content\/uploads\/high-heels-2876125_640.jpg","height":0,"width":0},"keywords":null},{"@type":"Article","@id":"https:\/\/www.contejner.cz\/viagra-jako-reseni-problemu-s-vasi-erekci\/","headline":"Viagra jako \u0159e\u0161en\u00ed probl\u00e9m\u016f s va\u0161\u00ed erekc\u00ed","url":"https:\/\/www.contejner.cz\/viagra-jako-reseni-problemu-s-vasi-erekci\/","datePublished":"2023-02-24","dateModified":"2023-04-30","mainEntityOfPage":"https:\/\/www.contejner.cz\/viagra-jako-reseni-problemu-s-vasi-erekci\/","author":{"@type":"Person","@id":"https:\/\/www.contejner.cz\/author\/#Person","name":"","url":"https:\/\/www.contejner.cz\/author\/","identifier":1,"image":{"@type":"ImageObject","@id":"https:\/\/secure.gravatar.com\/avatar\/11f8c6ff4d174e1ebef1d6401491d0892ff6534e7a3312fbf752a8f90a4375cd?s=96&d=mm&r=g","url":"https:\/\/secure.gravatar.com\/avatar\/11f8c6ff4d174e1ebef1d6401491d0892ff6534e7a3312fbf752a8f90a4375cd?s=96&d=mm&r=g","height":96,"width":96}},"publisher":{"@type":"Organization","name":"contejner.cz","logo":{"@type":"ImageObject","@id":"\/logo.png","url":"\/logo.png","width":600,"height":60}},"image":{"@type":"ImageObject","@id":"https:\/\/www.contejner.cz\/wp-content\/uploads\/viagra-gb5f4a9844_640.jpg","url":"https:\/\/www.contejner.cz\/wp-content\/uploads\/viagra-gb5f4a9844_640.jpg","height":0,"width":0},"keywords":null},{"@type":"Article","@id":"https:\/\/www.contejner.cz\/jaka-nebezpeci-byste-nemeli-v-domacnosti-podcenit\/","headline":"Jak\u00e1 nebezpe\u010d\u00ed byste nem\u011bli v dom\u00e1cnosti podcenit","url":"https:\/\/www.contejner.cz\/jaka-nebezpeci-byste-nemeli-v-domacnosti-podcenit\/","datePublished":"2022-06-30","dateModified":"2023-04-30","mainEntityOfPage":"https:\/\/www.contejner.cz\/jaka-nebezpeci-byste-nemeli-v-domacnosti-podcenit\/","author":{"@type":"Person","@id":"https:\/\/www.contejner.cz\/author\/#Person","name":"","url":"https:\/\/www.contejner.cz\/author\/","identifier":1,"image":{"@type":"ImageObject","@id":"https:\/\/secure.gravatar.com\/avatar\/11f8c6ff4d174e1ebef1d6401491d0892ff6534e7a3312fbf752a8f90a4375cd?s=96&d=mm&r=g","url":"https:\/\/secure.gravatar.com\/avatar\/11f8c6ff4d174e1ebef1d6401491d0892ff6534e7a3312fbf752a8f90a4375cd?s=96&d=mm&r=g","height":96,"width":96}},"publisher":{"@type":"Organization","name":"contejner.cz","logo":{"@type":"ImageObject","@id":"\/logo.png","url":"\/logo.png","width":600,"height":60}},"image":{"@type":"ImageObject","@id":"https:\/\/www.contejner.cz\/wp-content\/uploads\/switchgear-2069785_640_2.jpg","url":"https:\/\/www.contejner.cz\/wp-content\/uploads\/switchgear-2069785_640_2.jpg","height":0,"width":0},"keywords":null},{"@type":"Article","@id":"https:\/\/www.contejner.cz\/vyplati-se-koupit-microsoft-office-professional-plus-2016\/","headline":"Vyplat\u00ed se koupit Microsoft Office Professional plus 2016?","url":"https:\/\/www.contejner.cz\/vyplati-se-koupit-microsoft-office-professional-plus-2016\/","datePublished":"2022-04-10","dateModified":"2023-04-30","mainEntityOfPage":"https:\/\/www.contejner.cz\/vyplati-se-koupit-microsoft-office-professional-plus-2016\/","author":{"@type":"Person","@id":"https:\/\/www.contejner.cz\/author\/#Person","name":"","url":"https:\/\/www.contejner.cz\/author\/","identifier":1,"image":{"@type":"ImageObject","@id":"https:\/\/secure.gravatar.com\/avatar\/11f8c6ff4d174e1ebef1d6401491d0892ff6534e7a3312fbf752a8f90a4375cd?s=96&d=mm&r=g","url":"https:\/\/secure.gravatar.com\/avatar\/11f8c6ff4d174e1ebef1d6401491d0892ff6534e7a3312fbf752a8f90a4375cd?s=96&d=mm&r=g","height":96,"width":96}},"publisher":{"@type":"Organization","name":"contejner.cz","logo":{"@type":"ImageObject","@id":"\/logo.png","url":"\/logo.png","width":600,"height":60}},"image":{"@type":"ImageObject","@id":"https:\/\/www.contejner.cz\/wp-content\/uploads\/office1.png","url":"https:\/\/www.contejner.cz\/wp-content\/uploads\/office1.png","height":0,"width":0},"keywords":null},{"@type":"Article","@id":"https:\/\/www.contejner.cz\/auto-z-pujcovny\/","headline":"Auto z p\u016fj\u010dovny","url":"https:\/\/www.contejner.cz\/auto-z-pujcovny\/","datePublished":"2022-02-09","dateModified":"2023-04-30","mainEntityOfPage":"https:\/\/www.contejner.cz\/auto-z-pujcovny\/","author":{"@type":"Person","@id":"https:\/\/www.contejner.cz\/author\/#Person","name":"","url":"https:\/\/www.contejner.cz\/author\/","identifier":1,"image":{"@type":"ImageObject","@id":"https:\/\/secure.gravatar.com\/avatar\/11f8c6ff4d174e1ebef1d6401491d0892ff6534e7a3312fbf752a8f90a4375cd?s=96&d=mm&r=g","url":"https:\/\/secure.gravatar.com\/avatar\/11f8c6ff4d174e1ebef1d6401491d0892ff6534e7a3312fbf752a8f90a4375cd?s=96&d=mm&r=g","height":96,"width":96}},"publisher":{"@type":"Organization","name":"contejner.cz","logo":{"@type":"ImageObject","@id":"\/logo.png","url":"\/logo.png","width":600,"height":60}},"image":{"@type":"ImageObject","@id":"https:\/\/www.contejner.cz\/wp-content\/uploads\/garazove-stani-foto.jpg","url":"https:\/\/www.contejner.cz\/wp-content\/uploads\/garazove-stani-foto.jpg","height":0,"width":0},"keywords":null},{"@type":"Article","@id":"https:\/\/www.contejner.cz\/dovolena-na-upati-bukove-hory\/","headline":"Dovolen\u00e1 na \u00fapat\u00ed Bukov\u00e9 hory","url":"https:\/\/www.contejner.cz\/dovolena-na-upati-bukove-hory\/","datePublished":"2022-01-25","dateModified":"2023-04-30","mainEntityOfPage":"https:\/\/www.contejner.cz\/dovolena-na-upati-bukove-hory\/","author":{"@type":"Person","@id":"https:\/\/www.contejner.cz\/author\/#Person","name":"","url":"https:\/\/www.contejner.cz\/author\/","identifier":1,"image":{"@type":"ImageObject","@id":"https:\/\/secure.gravatar.com\/avatar\/11f8c6ff4d174e1ebef1d6401491d0892ff6534e7a3312fbf752a8f90a4375cd?s=96&d=mm&r=g","url":"https:\/\/secure.gravatar.com\/avatar\/11f8c6ff4d174e1ebef1d6401491d0892ff6534e7a3312fbf752a8f90a4375cd?s=96&d=mm&r=g","height":96,"width":96}},"publisher":{"@type":"Organization","name":"contejner.cz","logo":{"@type":"ImageObject","@id":"\/logo.png","url":"\/logo.png","width":600,"height":60}},"image":{"@type":"ImageObject","@id":"https:\/\/www.contejner.cz\/wp-content\/uploads\/country-gdec442526_640.jpg","url":"https:\/\/www.contejner.cz\/wp-content\/uploads\/country-gdec442526_640.jpg","height":0,"width":0},"keywords":null},{"@type":"Article","@id":"https:\/\/www.contejner.cz\/brigady-pro-studenty-pracujici-duchodce-i-lidi-bez-prace\/","headline":"Brig\u00e1dy pro studenty, pracuj\u00edc\u00ed, d\u016fchodce i lidi bez pr\u00e1ce","url":"https:\/\/www.contejner.cz\/brigady-pro-studenty-pracujici-duchodce-i-lidi-bez-prace\/","datePublished":"2021-10-06","dateModified":"2023-04-30","mainEntityOfPage":"https:\/\/www.contejner.cz\/brigady-pro-studenty-pracujici-duchodce-i-lidi-bez-prace\/","author":{"@type":"Person","@id":"https:\/\/www.contejner.cz\/author\/#Person","name":"","url":"https:\/\/www.contejner.cz\/author\/","identifier":1,"image":{"@type":"ImageObject","@id":"https:\/\/secure.gravatar.com\/avatar\/11f8c6ff4d174e1ebef1d6401491d0892ff6534e7a3312fbf752a8f90a4375cd?s=96&d=mm&r=g","url":"https:\/\/secure.gravatar.com\/avatar\/11f8c6ff4d174e1ebef1d6401491d0892ff6534e7a3312fbf752a8f90a4375cd?s=96&d=mm&r=g","height":96,"width":96}},"publisher":{"@type":"Organization","name":"contejner.cz","logo":{"@type":"ImageObject","@id":"\/logo.png","url":"\/logo.png","width":600,"height":60}},"image":{"@type":"ImageObject","@id":"https:\/\/www.contejner.cz\/wp-content\/uploads\/%C5%BEena%20notebook_3.jpg","url":"https:\/\/www.contejner.cz\/wp-content\/uploads\/%C5%BEena%20notebook_3.jpg","height":0,"width":0},"keywords":null},{"@type":"Article","@id":"https:\/\/www.contejner.cz\/reklama-ktera-ma-smysl\/","headline":"Reklama, kter\u00e1 m\u00e1 smysl","url":"https:\/\/www.contejner.cz\/reklama-ktera-ma-smysl\/","datePublished":"2021-10-02","dateModified":"2023-05-19","mainEntityOfPage":"https:\/\/www.contejner.cz\/reklama-ktera-ma-smysl\/","author":{"@type":"Person","@id":"https:\/\/www.contejner.cz\/author\/#Person","name":"","url":"https:\/\/www.contejner.cz\/author\/","identifier":1,"image":{"@type":"ImageObject","@id":"https:\/\/secure.gravatar.com\/avatar\/11f8c6ff4d174e1ebef1d6401491d0892ff6534e7a3312fbf752a8f90a4375cd?s=96&d=mm&r=g","url":"https:\/\/secure.gravatar.com\/avatar\/11f8c6ff4d174e1ebef1d6401491d0892ff6534e7a3312fbf752a8f90a4375cd?s=96&d=mm&r=g","height":96,"width":96}},"publisher":{"@type":"Organization","name":"contejner.cz","logo":{"@type":"ImageObject","@id":"\/logo.png","url":"\/logo.png","width":600,"height":60}},"image":{"@type":"ImageObject","@id":"https:\/\/www.contejner.cz\/wp-content\/uploads\/Programovac%C3%AD%20jazyk_zOZBlt.jpg","url":"https:\/\/www.contejner.cz\/wp-content\/uploads\/Programovac%C3%AD%20jazyk_zOZBlt.jpg","height":0,"width":0},"keywords":null}]}