[{"@context":"https:\/\/schema.org\/","@type":"Blog","@id":"https:\/\/www.contejner.cz#Blog","headline":"Contejner","description":"\nNa na\u0161em webu se nepova\u017eujeme za \u017e\u00e1dn\u00e9 bohy, a proto n\u00e1m nemus\u00edte v\u011b\u0159it, \u017ee jsme dokonal\u00ed, ale m\u016f\u017eete se o tom klidn\u011b i lehce sami p\u0159esv\u011bd\u010dit.","url":"https:\/\/www.contejner.cz","hasPart":[{"@type":"Article","@id":"https:\/\/www.contejner.cz\/nejdulezitejsi-je-kvalitni-postel-a-matrace\/","headline":"Nejd\u016fle\u017eit\u011bj\u0161\u00ed je kvalitn\u00ed postel a matrace","url":"https:\/\/www.contejner.cz\/nejdulezitejsi-je-kvalitni-postel-a-matrace\/","datePublished":"2025-08-08","dateModified":"2025-08-08","mainEntityOfPage":"https:\/\/www.contejner.cz\/nejdulezitejsi-je-kvalitni-postel-a-matrace\/","author":{"@type":"Person","@id":"https:\/\/www.contejner.cz\/author\/#Person","name":"","url":"https:\/\/www.contejner.cz\/author\/","identifier":1,"image":{"@type":"ImageObject","@id":"https:\/\/secure.gravatar.com\/avatar\/11f8c6ff4d174e1ebef1d6401491d0892ff6534e7a3312fbf752a8f90a4375cd?s=96&d=mm&r=g","url":"https:\/\/secure.gravatar.com\/avatar\/11f8c6ff4d174e1ebef1d6401491d0892ff6534e7a3312fbf752a8f90a4375cd?s=96&d=mm&r=g","height":96,"width":96}},"publisher":{"@type":"Organization","name":"contejner.cz","logo":{"@type":"ImageObject","@id":"\/logo.png","url":"\/logo.png","width":600,"height":60}},"image":null,"wordCount":249,"keywords":null},{"@type":"Article","@id":"https:\/\/www.contejner.cz\/zmena-zivota\/","headline":"Zm\u011bna \u017eivota","url":"https:\/\/www.contejner.cz\/zmena-zivota\/","datePublished":"2025-08-07","dateModified":"2025-08-07","mainEntityOfPage":"https:\/\/www.contejner.cz\/zmena-zivota\/","author":{"@type":"Person","@id":"https:\/\/www.contejner.cz\/author\/#Person","name":"","url":"https:\/\/www.contejner.cz\/author\/","identifier":1,"image":{"@type":"ImageObject","@id":"https:\/\/secure.gravatar.com\/avatar\/11f8c6ff4d174e1ebef1d6401491d0892ff6534e7a3312fbf752a8f90a4375cd?s=96&d=mm&r=g","url":"https:\/\/secure.gravatar.com\/avatar\/11f8c6ff4d174e1ebef1d6401491d0892ff6534e7a3312fbf752a8f90a4375cd?s=96&d=mm&r=g","height":96,"width":96}},"publisher":{"@type":"Organization","name":"contejner.cz","logo":{"@type":"ImageObject","@id":"\/logo.png","url":"\/logo.png","width":600,"height":60}},"image":{"@type":"ImageObject","@id":"https:\/\/www.contejner.cz\/wp-content\/uploads\/girl-791563_640_1.jpg","url":"https:\/\/www.contejner.cz\/wp-content\/uploads\/girl-791563_640_1.jpg","height":0,"width":0},"wordCount":568,"keywords":null},{"@type":"Article","@id":"https:\/\/www.contejner.cz\/zakoupene-vybaveni-odvezeme-az-do-mista-urceni\/","headline":"Zakoupen\u00e9 vybaven\u00ed odvezeme a\u017e do m\u00edsta ur\u010den\u00ed","url":"https:\/\/www.contejner.cz\/zakoupene-vybaveni-odvezeme-az-do-mista-urceni\/","datePublished":"2025-08-02","dateModified":"2025-08-02","mainEntityOfPage":"https:\/\/www.contejner.cz\/zakoupene-vybaveni-odvezeme-az-do-mista-urceni\/","author":{"@type":"Person","@id":"https:\/\/www.contejner.cz\/author\/#Person","name":"","url":"https:\/\/www.contejner.cz\/author\/","identifier":1,"image":{"@type":"ImageObject","@id":"https:\/\/secure.gravatar.com\/avatar\/11f8c6ff4d174e1ebef1d6401491d0892ff6534e7a3312fbf752a8f90a4375cd?s=96&d=mm&r=g","url":"https:\/\/secure.gravatar.com\/avatar\/11f8c6ff4d174e1ebef1d6401491d0892ff6534e7a3312fbf752a8f90a4375cd?s=96&d=mm&r=g","height":96,"width":96}},"publisher":{"@type":"Organization","name":"contejner.cz","logo":{"@type":"ImageObject","@id":"\/logo.png","url":"\/logo.png","width":600,"height":60}},"image":null,"wordCount":214,"keywords":null},{"@type":"Article","@id":"https:\/\/www.contejner.cz\/proc-si-nedoprat-luxus\/","headline":"Pro\u010d si nedop\u0159\u00e1t luxus?","url":"https:\/\/www.contejner.cz\/proc-si-nedoprat-luxus\/","datePublished":"2025-07-24","dateModified":"2025-07-24","mainEntityOfPage":"https:\/\/www.contejner.cz\/proc-si-nedoprat-luxus\/","author":{"@type":"Person","@id":"https:\/\/www.contejner.cz\/author\/#Person","name":"","url":"https:\/\/www.contejner.cz\/author\/","identifier":1,"image":{"@type":"ImageObject","@id":"https:\/\/secure.gravatar.com\/avatar\/11f8c6ff4d174e1ebef1d6401491d0892ff6534e7a3312fbf752a8f90a4375cd?s=96&d=mm&r=g","url":"https:\/\/secure.gravatar.com\/avatar\/11f8c6ff4d174e1ebef1d6401491d0892ff6534e7a3312fbf752a8f90a4375cd?s=96&d=mm&r=g","height":96,"width":96}},"publisher":{"@type":"Organization","name":"contejner.cz","logo":{"@type":"ImageObject","@id":"\/logo.png","url":"\/logo.png","width":600,"height":60}},"image":null,"wordCount":209,"keywords":null},{"@type":"Article","@id":"https:\/\/www.contejner.cz\/nehledejte-to-co-mate-doma-jinde-nenajdete\/","headline":"Nehledejte &#8211; to co m\u00e1te doma, jinde nenajdete","url":"https:\/\/www.contejner.cz\/nehledejte-to-co-mate-doma-jinde-nenajdete\/","datePublished":"2025-07-20","dateModified":"2025-07-20","mainEntityOfPage":"https:\/\/www.contejner.cz\/nehledejte-to-co-mate-doma-jinde-nenajdete\/","author":{"@type":"Person","@id":"https:\/\/www.contejner.cz\/author\/#Person","name":"","url":"https:\/\/www.contejner.cz\/author\/","identifier":1,"image":{"@type":"ImageObject","@id":"https:\/\/secure.gravatar.com\/avatar\/11f8c6ff4d174e1ebef1d6401491d0892ff6534e7a3312fbf752a8f90a4375cd?s=96&d=mm&r=g","url":"https:\/\/secure.gravatar.com\/avatar\/11f8c6ff4d174e1ebef1d6401491d0892ff6534e7a3312fbf752a8f90a4375cd?s=96&d=mm&r=g","height":96,"width":96}},"publisher":{"@type":"Organization","name":"contejner.cz","logo":{"@type":"ImageObject","@id":"\/logo.png","url":"\/logo.png","width":600,"height":60}},"image":null,"wordCount":217,"keywords":null},{"@type":"Article","@id":"https:\/\/www.contejner.cz\/naucte-se-jednoduse-ridit-vsechny-vozidla\/","headline":"Nau\u010dte se jednodu\u0161e \u0159\u00eddit v\u0161echny vozidla","url":"https:\/\/www.contejner.cz\/naucte-se-jednoduse-ridit-vsechny-vozidla\/","datePublished":"2025-07-14","dateModified":"2025-07-14","mainEntityOfPage":"https:\/\/www.contejner.cz\/naucte-se-jednoduse-ridit-vsechny-vozidla\/","author":{"@type":"Person","@id":"https:\/\/www.contejner.cz\/author\/#Person","name":"","url":"https:\/\/www.contejner.cz\/author\/","identifier":1,"image":{"@type":"ImageObject","@id":"https:\/\/secure.gravatar.com\/avatar\/11f8c6ff4d174e1ebef1d6401491d0892ff6534e7a3312fbf752a8f90a4375cd?s=96&d=mm&r=g","url":"https:\/\/secure.gravatar.com\/avatar\/11f8c6ff4d174e1ebef1d6401491d0892ff6534e7a3312fbf752a8f90a4375cd?s=96&d=mm&r=g","height":96,"width":96}},"publisher":{"@type":"Organization","name":"contejner.cz","logo":{"@type":"ImageObject","@id":"\/logo.png","url":"\/logo.png","width":600,"height":60}},"image":null,"wordCount":208,"keywords":null},{"@type":"Article","@id":"https:\/\/www.contejner.cz\/neni-cislo-jako-cislo\/","headline":"Nen\u00ed \u010d\u00edslo jako \u010d\u00edslo","url":"https:\/\/www.contejner.cz\/neni-cislo-jako-cislo\/","datePublished":"2025-07-08","dateModified":"2025-07-08","mainEntityOfPage":"https:\/\/www.contejner.cz\/neni-cislo-jako-cislo\/","author":{"@type":"Person","@id":"https:\/\/www.contejner.cz\/author\/#Person","name":"","url":"https:\/\/www.contejner.cz\/author\/","identifier":1,"image":{"@type":"ImageObject","@id":"https:\/\/secure.gravatar.com\/avatar\/11f8c6ff4d174e1ebef1d6401491d0892ff6534e7a3312fbf752a8f90a4375cd?s=96&d=mm&r=g","url":"https:\/\/secure.gravatar.com\/avatar\/11f8c6ff4d174e1ebef1d6401491d0892ff6534e7a3312fbf752a8f90a4375cd?s=96&d=mm&r=g","height":96,"width":96}},"publisher":{"@type":"Organization","name":"contejner.cz","logo":{"@type":"ImageObject","@id":"\/logo.png","url":"\/logo.png","width":600,"height":60}},"image":{"@type":"ImageObject","@id":"https:\/\/www.contejner.cz\/wp-content\/uploads\/ttttttttttt_2.jpg","url":"https:\/\/www.contejner.cz\/wp-content\/uploads\/ttttttttttt_2.jpg","height":0,"width":0},"wordCount":571,"keywords":null},{"@type":"Article","@id":"https:\/\/www.contejner.cz\/nas-zakaznik-nas-pan\/","headline":"N\u00e1\u0161 z\u00e1kazn\u00edk, n\u00e1\u0161 p\u00e1n","url":"https:\/\/www.contejner.cz\/nas-zakaznik-nas-pan\/","datePublished":"2025-07-07","dateModified":"2025-07-07","mainEntityOfPage":"https:\/\/www.contejner.cz\/nas-zakaznik-nas-pan\/","author":{"@type":"Person","@id":"https:\/\/www.contejner.cz\/author\/#Person","name":"","url":"https:\/\/www.contejner.cz\/author\/","identifier":1,"image":{"@type":"ImageObject","@id":"https:\/\/secure.gravatar.com\/avatar\/11f8c6ff4d174e1ebef1d6401491d0892ff6534e7a3312fbf752a8f90a4375cd?s=96&d=mm&r=g","url":"https:\/\/secure.gravatar.com\/avatar\/11f8c6ff4d174e1ebef1d6401491d0892ff6534e7a3312fbf752a8f90a4375cd?s=96&d=mm&r=g","height":96,"width":96}},"publisher":{"@type":"Organization","name":"contejner.cz","logo":{"@type":"ImageObject","@id":"\/logo.png","url":"\/logo.png","width":600,"height":60}},"image":null,"wordCount":222,"keywords":null},{"@type":"Article","@id":"https:\/\/www.contejner.cz\/webove-stranky-pro-tanecni-kurzy\/","headline":"Webov\u00e9 str\u00e1nky pro tane\u010dn\u00ed kurzy","url":"https:\/\/www.contejner.cz\/webove-stranky-pro-tanecni-kurzy\/","datePublished":"2025-07-01","dateModified":"2025-07-01","mainEntityOfPage":"https:\/\/www.contejner.cz\/webove-stranky-pro-tanecni-kurzy\/","author":{"@type":"Person","@id":"https:\/\/www.contejner.cz\/author\/#Person","name":"","url":"https:\/\/www.contejner.cz\/author\/","identifier":1,"image":{"@type":"ImageObject","@id":"https:\/\/secure.gravatar.com\/avatar\/11f8c6ff4d174e1ebef1d6401491d0892ff6534e7a3312fbf752a8f90a4375cd?s=96&d=mm&r=g","url":"https:\/\/secure.gravatar.com\/avatar\/11f8c6ff4d174e1ebef1d6401491d0892ff6534e7a3312fbf752a8f90a4375cd?s=96&d=mm&r=g","height":96,"width":96}},"publisher":{"@type":"Organization","name":"contejner.cz","logo":{"@type":"ImageObject","@id":"\/logo.png","url":"\/logo.png","width":600,"height":60}},"image":{"@type":"ImageObject","@id":"https:\/\/www.contejner.cz\/wp-content\/uploads\/online-marketing-1246457_640_10_10_10_10_7.jpg","url":"https:\/\/www.contejner.cz\/wp-content\/uploads\/online-marketing-1246457_640_10_10_10_10_7.jpg","height":0,"width":0},"wordCount":519,"keywords":null},{"@type":"Article","@id":"https:\/\/www.contejner.cz\/budte-peclivi-pri-vyberu-kazdeho-kousku-do-vaseho-domova\/","headline":"Bu\u010fte pe\u010dliv\u00ed p\u0159i v\u00fdb\u011bru ka\u017ed\u00e9ho kousku do va\u0161eho domova","url":"https:\/\/www.contejner.cz\/budte-peclivi-pri-vyberu-kazdeho-kousku-do-vaseho-domova\/","datePublished":"2025-06-30","dateModified":"2025-06-30","mainEntityOfPage":"https:\/\/www.contejner.cz\/budte-peclivi-pri-vyberu-kazdeho-kousku-do-vaseho-domova\/","author":{"@type":"Person","@id":"https:\/\/www.contejner.cz\/author\/#Person","name":"","url":"https:\/\/www.contejner.cz\/author\/","identifier":1,"image":{"@type":"ImageObject","@id":"https:\/\/secure.gravatar.com\/avatar\/11f8c6ff4d174e1ebef1d6401491d0892ff6534e7a3312fbf752a8f90a4375cd?s=96&d=mm&r=g","url":"https:\/\/secure.gravatar.com\/avatar\/11f8c6ff4d174e1ebef1d6401491d0892ff6534e7a3312fbf752a8f90a4375cd?s=96&d=mm&r=g","height":96,"width":96}},"publisher":{"@type":"Organization","name":"contejner.cz","logo":{"@type":"ImageObject","@id":"\/logo.png","url":"\/logo.png","width":600,"height":60}},"image":null,"wordCount":216,"keywords":null}]},{"@context":"https:\/\/schema.org","@type":"WebSite","@id":"https:\/\/www.contejner.cz\/#website","name":"Contejner","url":"https:\/\/www.contejner.cz","potentialAction":{"@type":"SearchAction","target":"https:\/\/www.contejner.cz\/?s={search_term_string}","query-input":"required name=search_term_string"}}]