[{"@context":"https:\/\/schema.org\/","@type":"Article","@id":"https:\/\/www.contejner.cz\/nebojte-se-podnikani\/#Article","mainEntityOfPage":"https:\/\/www.contejner.cz\/nebojte-se-podnikani\/","headline":"Nebojte se podnik\u00e1n\u00ed","name":"Nebojte se podnik\u00e1n\u00ed","description":"Mnoz\u00ed z n\u00e1s maj\u00ed sv\u016fj vlastn\u00ed sen, maj\u00ed svou vizi, \u010d\u00edm by se mohli \u017eivit a jak\u00e1 pr\u00e1ce by je t\u011b\u0161ila a m\u011bla by smysl. Ov\u0161em \u0159ada lid\u00ed se boj\u00ed vkro\u010dit do t\u011bchto neprob\u00e1dan\u00fdch vod, boj\u00ed se ur\u010dit\u00e9 nejistoty, kter\u00e1 je mo\u017en\u00e1 \u010dek\u00e1. Jak\u00e1 je ale jistota v zam\u011bstn\u00e1n\u00ed, kdy nezn\u00e1te dne ani hodiny, kdy<br\/><a class=\"read-more\" href=\"https:\/\/www.contejner.cz\/nebojte-se-podnikani\/\">Complete Reading<\/a>","datePublished":"2023-06-03","dateModified":"2024-06-07","author":{"@type":"Person","@id":"https:\/\/www.contejner.cz\/author\/#Person","name":"","url":"https:\/\/www.contejner.cz\/author\/","identifier":1,"image":{"@type":"ImageObject","@id":"https:\/\/secure.gravatar.com\/avatar\/11f8c6ff4d174e1ebef1d6401491d0892ff6534e7a3312fbf752a8f90a4375cd?s=96&d=mm&r=g","url":"https:\/\/secure.gravatar.com\/avatar\/11f8c6ff4d174e1ebef1d6401491d0892ff6534e7a3312fbf752a8f90a4375cd?s=96&d=mm&r=g","height":96,"width":96}},"publisher":{"@type":"Organization","name":"contejner.cz","logo":{"@type":"ImageObject","@id":"\/logo.png","url":"\/logo.png","width":600,"height":60}},"url":"https:\/\/www.contejner.cz\/nebojte-se-podnikani\/","wordCount":242,"articleBody":"Mnoz\u00ed z n\u00e1s maj\u00ed sv\u016fj vlastn\u00ed sen, maj\u00ed svou vizi, \u010d\u00edm by se mohli \u017eivit a jak\u00e1 pr\u00e1ce by je t\u011b\u0161ila a m\u011bla by smysl. Ov\u0161em \u0159ada lid\u00ed se boj\u00ed vkro\u010dit do t\u011bchto neprob\u00e1dan\u00fdch vod, boj\u00ed se ur\u010dit\u00e9 nejistoty, kter\u00e1 je mo\u017en\u00e1 \u010dek\u00e1. Jak\u00e1 je ale jistota v zam\u011bstn\u00e1n\u00ed, kdy nezn\u00e1te dne ani hodiny, kdy dostanete v\u00fdpov\u011b\u010f? Nebojte se rozjet sv\u00e9 vlastn\u00ed podnik\u00e1n\u00ed, nebojte se otev\u0159\u00edt svou vlastn\u00ed firmu. Pak ji\u017e bude z\u00e1le\u017eet p\u0159edev\u0161\u00edm na V\u00e1s, jak se V\u00e1m povede, bude z\u00e1le\u017eet hlavn\u011b na V\u00e1s, jak\u00e1 bude Va\u0161e \u00fasp\u011b\u0161nost, pr\u00e1ce V\u00e1s bude bavit. Seberte odvahu a pus\u0165te se do toho.\tPom\u016f\u017eeme V\u00e1m s n\u00edmS podnik\u00e1n\u00edm se zcela logicky a ned\u011bliteln\u011b snoub\u00ed \u0159ada dal\u0161\u00edch v\u011bc\u00ed, jednou z t\u011bch, bez nich\u017e se neobejdete, je veden\u00ed \u00fa\u010detnictv\u00ed Praha. Pokud si budete pohr\u00e1vat s my\u0161lenkou, \u017ee toto veden\u00ed zvl\u00e1dnete sami, rad\u011bji od n\u00ed upus\u0165te. Z\u00e1hy zjist\u00edte, \u017ee v t\u00e9to oblasti je tolik informac\u00ed, \u017ee byste pro jejich vst\u0159eb\u00e1n\u00ed ji\u017e nem\u011bli \u010das na samotn\u00e9 podnik\u00e1n\u00ed. V\u011bnujte se rad\u011bji sv\u00e9mu oboru a \u00fa\u010detnictv\u00ed sv\u011b\u0159te n\u00e1m, garantujeme V\u00e1m, \u017ee s n\u00edm nebudete m\u00edt \u017e\u00e1dn\u00e9 starosti.                                                                                                                                                                                                                                                                                                                                                                                        4.3\/5 - (6 votes)        "},{"@context":"https:\/\/schema.org\/","@type":"BreadcrumbList","itemListElement":[{"@type":"ListItem","position":1,"name":"Nebojte se podnik\u00e1n\u00ed","item":"https:\/\/www.contejner.cz\/nebojte-se-podnikani\/#breadcrumbitem"}]}]