[{"@context":"https:\/\/schema.org\/","@type":"Article","@id":"https:\/\/www.contejner.cz\/ekologie-a-peci-o-dite\/#Article","mainEntityOfPage":"https:\/\/www.contejner.cz\/ekologie-a-peci-o-dite\/","headline":"Ekologie a p\u00e9\u010di o d\u00edt\u011b","name":"Ekologie a p\u00e9\u010di o d\u00edt\u011b","description":"Ekologie je d\u016fle\u017eit\u00e1 v\u011bc a rozhodn\u011b by se nem\u011bla podce\u0148ovat ani p\u0159i p\u00e9\u010di o d\u00edt\u011b. V\u00a0p\u00e9\u010di o d\u00edt\u011b je toti\u017e hrozn\u011b moc zbyte\u010dn\u00fdch neekologick\u00fdch v\u011bc\u00ed, kter\u00fdm se ale m\u016f\u017eete jednodu\u0161e vyvarovat. Nen\u00ed to zas tak slo\u017eit\u00e9, ale bude to tro\u0161ku pr\u00e1ce nav\u00edc. Plenky Asi nejv\u00edce odpadu vznik\u00e1 p\u0159edev\u0161\u00edm pou\u017e\u00edv\u00e1n\u00edm jednor\u00e1zov\u00fdch plenek na p\u0159ebalov\u00e1n\u00ed d\u00edt\u011bte. Jedn\u00e1<br\/><a class=\"read-more\" href=\"https:\/\/www.contejner.cz\/ekologie-a-peci-o-dite\/\">Complete Reading<\/a>","datePublished":"2025-03-08","dateModified":"2023-04-30","author":{"@type":"Person","@id":"https:\/\/www.contejner.cz\/author\/#Person","name":"","url":"https:\/\/www.contejner.cz\/author\/","identifier":1,"image":{"@type":"ImageObject","@id":"https:\/\/secure.gravatar.com\/avatar\/11f8c6ff4d174e1ebef1d6401491d0892ff6534e7a3312fbf752a8f90a4375cd?s=96&d=mm&r=g","url":"https:\/\/secure.gravatar.com\/avatar\/11f8c6ff4d174e1ebef1d6401491d0892ff6534e7a3312fbf752a8f90a4375cd?s=96&d=mm&r=g","height":96,"width":96}},"publisher":{"@type":"Organization","name":"contejner.cz","logo":{"@type":"ImageObject","@id":"\/logo.png","url":"\/logo.png","width":600,"height":60}},"image":{"@type":"ImageObject","@id":"https:\/\/www.contejner.cz\/wp-content\/uploads\/img_a336559_w2585_t1549962738.jpg","url":"https:\/\/www.contejner.cz\/wp-content\/uploads\/img_a336559_w2585_t1549962738.jpg","height":0,"width":0},"url":"https:\/\/www.contejner.cz\/ekologie-a-peci-o-dite\/","about":["D\u011bti"],"wordCount":420,"articleBody":"Ekologie je d\u016fle\u017eit\u00e1 v\u011bc a rozhodn\u011b by se nem\u011bla podce\u0148ovat ani p\u0159i p\u00e9\u010di o d\u00edt\u011b. V\u00a0p\u00e9\u010di o d\u00edt\u011b je toti\u017e hrozn\u011b moc zbyte\u010dn\u00fdch neekologick\u00fdch v\u011bc\u00ed, kter\u00fdm se ale m\u016f\u017eete jednodu\u0161e vyvarovat. Nen\u00ed to zas tak slo\u017eit\u00e9, ale bude to tro\u0161ku pr\u00e1ce nav\u00edc.PlenkyAsi nejv\u00edce odpadu vznik\u00e1 p\u0159edev\u0161\u00edm pou\u017e\u00edv\u00e1n\u00edm jednor\u00e1zov\u00fdch plenek na p\u0159ebalov\u00e1n\u00ed d\u00edt\u011bte. Jedn\u00e1 se zpo\u010d\u00e1tku a\u017e o 10 plenek za den a d\u00edt\u011b je pot\u0159ebuje minim\u00e1ln\u011b rok a p\u016fl cel\u00fd den a cca dva roky na noc. Dok\u00e1\u017eete si p\u0159edstavit jak\u00e9 mno\u017estv\u00ed plen to je? Nahradit je m\u016f\u017eete bu\u010f plenkami, kter\u00e9 jsou sice jednor\u00e1zov\u00e9, ale jsou ekologick\u00e9 a rozlo\u017eiteln\u00e9 v\u00a0p\u0159\u00edrod\u011b, nebo plenkami l\u00e1tkov\u00fdmi. L\u00e1tkov\u00e9 pleny maj\u00ed tu v\u00fdhodu, \u017ee krom u\u0161et\u0159en\u00e9 p\u0159\u00edrody u\u0161et\u0159\u00ed tak\u00e9 pen\u00edze. L\u00e1tkov\u00e9 plenky u\u017e dnes nejsou tak n\u00e1ro\u010dn\u00e9 na p\u00e9\u010di, vyprat je zvl\u00e1dne v\u00edce m\u00e9n\u011b automatick\u00e1 pra\u010dka sama, pokud m\u00e1te su\u0161i\u010dku, odpad\u00e1 v\u00e1m i \u017eehlen\u00ed pr\u00e1dla a poskl\u00e1dat plenky trv\u00e1 chvilku. Nahoru na plenu budete pot\u0159ebovat svrchn\u00ed plenkov\u00e9 kalhotky s\u00a0PUL z\u00e1t\u011brem nebo t\u0159eba vln\u011bn\u00e9 plenky o\u0161et\u0159en\u00e9 lanolinem. Mo\u017enost\u00ed je samoz\u0159ejm\u011b v\u00edce.Jednor\u00e1zov\u00e9 ubrouskyJednor\u00e1zov\u00e9 ubrousky jsou ne\u0161etrn\u00e9 jak k\u00a0p\u0159\u00edrod\u011b, tak k\u00a0poko\u017ece miminka. Jsou toti\u017e napu\u0161t\u011bn\u00e9 chemi\u00ed. Nahradit je m\u016f\u017eete netkanou textili\u00ed \u2013 perlanem. Ten v\u00e1m takt\u00e9\u017e u\u0161et\u0159\u00ed i pen\u00edze, sta\u010d\u00ed ho nast\u0159\u00edhat na kousky a nachystat si k\u00a0p\u0159ebalovac\u00edmu pultu. Perlan se d\u00e1 vyprat, tak\u017ee se m\u016f\u017ee pou\u017e\u00edvat opakovan\u011b a t\u00edm p\u00e1dem budete \u0161et\u0159it je\u0161t\u011b v\u00edce.Kosmetika a prost\u0159edky na pran\u00edP\u0159edev\u0161\u00edm prac\u00ed gely nejsou zrovna ekologick\u00e9, b\u011bhem pran\u00ed vypou\u0161t\u00ed do kanalizace velk\u00e9 mno\u017estv\u00ed chemie a s\u00a0d\u00edtkem se pere velice \u010dasto. Po\u0159\u00eddit si m\u016f\u017eete ekologick\u00fd prac\u00ed gel, kter\u00fd je \u0161etrn\u00fd k\u00a0p\u0159\u00edrod\u011b a je b\u011b\u017en\u011b odbourateln\u00fd. Tak\u00e9 u kosmetiky na t\u011blo miminka se zam\u011b\u0159te na slo\u017eky a to nejen kv\u016fli ekologick\u00e9 stop\u011b ale tak\u00e9 kv\u016fli k\u016f\u017ei miminka, kter\u00e1 nemus\u00ed dob\u0159e sn\u00e1\u0161et t\u0159eba parfemaci a jin\u00e9 chemick\u00e9 p\u0159\u00edsady.                                                                                                                                                                                                                                                                                                                                                                                        4\/5 - (6 votes)        "},{"@context":"https:\/\/schema.org\/","@type":"BreadcrumbList","itemListElement":[{"@type":"ListItem","position":1,"name":"Ekologie a p\u00e9\u010di o d\u00edt\u011b","item":"https:\/\/www.contejner.cz\/ekologie-a-peci-o-dite\/#breadcrumbitem"}]}]