[{"@context":"https:\/\/schema.org\/","@type":"Article","@id":"https:\/\/www.contejner.cz\/co-si-obout-do-prirody\/#Article","mainEntityOfPage":"https:\/\/www.contejner.cz\/co-si-obout-do-prirody\/","headline":"Co si obout do p\u0159\u00edrody?","name":"Co si obout do p\u0159\u00edrody?","description":"Ten, kdo u\u017e n\u011bkdy vyrazil do p\u0159\u00edrody, se mnou bude ur\u010dit\u011b souhlasit v tom, \u017ee i kdy\u017e u n\u00e1s nelze zam\u00ed\u0159it do n\u011bjak\u00e9 skute\u010dn\u00e9 d\u017eungle, kam mo\u017en\u00e1 doposud nikdy lidsk\u00e1 noha nevstoupila, je p\u0159esto na\u0161e p\u0159\u00edroda st\u00e1le je\u0161t\u011b dost divok\u00e1. P\u0159inejmen\u0161\u00edm natolik, \u017ee v n\u00ed obvykle nenajdeme udr\u017eovan\u00e9 chodn\u00edky, po kter\u00fdch by se to \u0161pac\u00edrovalo<br\/><a class=\"read-more\" href=\"https:\/\/www.contejner.cz\/co-si-obout-do-prirody\/\">Complete Reading<\/a>","datePublished":"2021-06-22","dateModified":"2023-04-30","author":{"@type":"Person","@id":"https:\/\/www.contejner.cz\/author\/#Person","name":"","url":"https:\/\/www.contejner.cz\/author\/","identifier":1,"image":{"@type":"ImageObject","@id":"https:\/\/secure.gravatar.com\/avatar\/11f8c6ff4d174e1ebef1d6401491d0892ff6534e7a3312fbf752a8f90a4375cd?s=96&d=mm&r=g","url":"https:\/\/secure.gravatar.com\/avatar\/11f8c6ff4d174e1ebef1d6401491d0892ff6534e7a3312fbf752a8f90a4375cd?s=96&d=mm&r=g","height":96,"width":96}},"publisher":{"@type":"Organization","name":"contejner.cz","logo":{"@type":"ImageObject","@id":"\/logo.png","url":"\/logo.png","width":600,"height":60}},"image":{"@type":"ImageObject","@id":"https:\/\/www.contejner.cz\/wp-content\/uploads\/ko%C5%BEen%C3%A1%20obuv_vN9nI6.jpg","url":"https:\/\/www.contejner.cz\/wp-content\/uploads\/ko%C5%BEen%C3%A1%20obuv_vN9nI6.jpg","height":0,"width":0},"url":"https:\/\/www.contejner.cz\/co-si-obout-do-prirody\/","about":["N\u00e1kupy"],"wordCount":431,"articleBody":"    Ten, kdo u\u017e n\u011bkdy vyrazil do p\u0159\u00edrody, se mnou bude ur\u010dit\u011b souhlasit v tom, \u017ee i kdy\u017e u n\u00e1s nelze zam\u00ed\u0159it do n\u011bjak\u00e9 skute\u010dn\u00e9 d\u017eungle, kam mo\u017en\u00e1 doposud nikdy lidsk\u00e1 noha nevstoupila, je p\u0159esto na\u0161e p\u0159\u00edroda st\u00e1le je\u0161t\u011b dost divok\u00e1. P\u0159inejmen\u0161\u00edm natolik, \u017ee v n\u00ed obvykle nenajdeme udr\u017eovan\u00e9 chodn\u00edky, po kter\u00fdch by se to \u0161pac\u00edrovalo v \u010demkoliv jedna b\u00e1se\u0148. Ter\u00e9n je i v na\u0161\u00ed p\u0159\u00edrod\u011b tu v\u00edce a tu m\u00e9n\u011b hrbolat\u00fd, tu tvrd\u011b kamenit\u00fd a tu t\u0159eba m\u011bkk\u00fd a podm\u00e1\u010den\u00fd\u2026 A tak je t\u0159eba ur\u010dit\u011b d\u00e1vat daleko v\u011bt\u0161\u00ed pozor na to, kam a jak \u0161lapeme ne\u017e n\u011bkde v betonov\u00e9m m\u011bst\u011b. Proto\u017ee by klidn\u011b i jenom m\u00e1lo sta\u010dilo, abychom si nabrali do bot nebo si v hor\u0161\u00edm p\u0159\u00edpad\u011b p\u0159ivodili n\u011bjak\u00fd ten \u00faraz.  Je tomu tak a nic s t\u00edm nenad\u011bl\u00e1me. Proto\u017ee les ani louka se vydl\u00e1\u017edit \u010di vyasfaltovat ned\u00e1, to u\u017e by pak nebyla p\u0159\u00edroda. Mus\u00edme se prost\u011b sm\u00ed\u0159it s t\u00edm, \u017ee cestou za kr\u00e1sami na\u0161\u00ed krajiny pot\u0159ebujeme po\u0159\u00e1dn\u00e9 boty. Proto\u017ee v lak\u00fdrk\u00e1ch \u010di dokonce d\u00e1msk\u00fdch lodi\u010dk\u00e1ch bychom daleko nedo\u0161li a vysok\u00e9 podpatky by v l\u016fnu na\u0161\u00ed matky p\u0159\u00edrody ur\u010dit\u011b neprokazovaly dobrou slu\u017ebu. A jakou obuv si pro cesty za p\u0159\u00edrodou zvolit? Dokonal\u00fdm \u0159e\u0161en\u00edm jsou trekove boty, je\u017e umo\u017e\u0148uj\u00ed ka\u017ed\u00e9mu udr\u017eet sv\u00e9 nohy v suchu, bezpe\u010d\u00ed a zdrav\u00ed. V takov\u00fdch bot\u00e1ch se d\u00e1 kr\u00e1\u010det krajinou skute\u010dn\u011b bezpe\u010dn\u011b a radostn\u011b, tyto jsou pro ch\u016fzi v ter\u00e9nu jako d\u011blan\u00e9. A pou\u017e\u00edvat je je z\u00e1\u017eitkem, kter\u00fd \u010dlov\u011bku jin\u00e1 obuv sotva poskytne. Za co\u017e v tomto p\u0159\u00edpad\u011b vd\u011b\u010d\u00edme speci\u00e1ln\u00edm materi\u00e1l\u016fm, z nich\u017e jsou tyto boty zhotovovan\u00e9.  A a\u0165 u\u017e je takov\u00fd v\u00fdletn\u00edk mu\u017eem nebo \u017eenou, a\u0165 u\u017e tento vyr\u00e1\u017e\u00ed ven v kter\u00e9koliv ro\u010dn\u00ed dob\u011b a za jak\u00e9hokoliv po\u010das\u00ed, ur\u010dit\u011b mu prok\u00e1\u017ee pr\u00e1v\u011b tato obuv, je\u017e se nab\u00edz\u00ed v ide\u00e1ln\u00edch velikostech, dobrou slu\u017ebu. A nemus\u00ed to vyj\u00edt v\u016fbec draho, proto\u017ee lze tyto boty po\u0159\u00eddit klidn\u011b i v pravideln\u00e9m v\u00fdprodeji. A pro\u010d si p\u0159i sv\u00fdch toulk\u00e1ch p\u0159\u00edrodou nedop\u0159\u00e1t to nejlep\u0161\u00ed?                                                                                                                                                                                                                                                                                                                                                                                         4.5\/5 - (4 votes)        "},{"@context":"https:\/\/schema.org\/","@type":"BreadcrumbList","itemListElement":[{"@type":"ListItem","position":1,"name":"Co si obout do p\u0159\u00edrody?","item":"https:\/\/www.contejner.cz\/co-si-obout-do-prirody\/#breadcrumbitem"}]}]