{"@context":"https:\/\/schema.org\/","@type":"CollectionPage","@id":"https:\/\/www.contejner.cz\/bydleni\/#CollectionPage","headline":"Bydlen\u00ed Category","description":"","url":"https:\/\/www.contejner.cz\/bydleni\/","hasPart":[{"@type":"Article","@id":"https:\/\/www.contejner.cz\/v-jakem-dome-budete-bydlet\/","headline":"V jak\u00e9m dom\u011b budete bydlet?","url":"https:\/\/www.contejner.cz\/v-jakem-dome-budete-bydlet\/","datePublished":"2025-12-13","dateModified":"2025-12-13","mainEntityOfPage":"https:\/\/www.contejner.cz\/v-jakem-dome-budete-bydlet\/","author":{"@type":"Person","@id":"https:\/\/www.contejner.cz\/author\/#Person","name":"","url":"https:\/\/www.contejner.cz\/author\/","identifier":1,"image":{"@type":"ImageObject","@id":"https:\/\/secure.gravatar.com\/avatar\/11f8c6ff4d174e1ebef1d6401491d0892ff6534e7a3312fbf752a8f90a4375cd?s=96&d=mm&r=g","url":"https:\/\/secure.gravatar.com\/avatar\/11f8c6ff4d174e1ebef1d6401491d0892ff6534e7a3312fbf752a8f90a4375cd?s=96&d=mm&r=g","height":96,"width":96}},"publisher":{"@type":"Organization","name":"contejner.cz","logo":{"@type":"ImageObject","@id":"\/logo.png","url":"\/logo.png","width":600,"height":60}},"image":{"@type":"ImageObject","@id":"https:\/\/www.contejner.cz\/wp-content\/uploads\/bungalow-20544_640_10_10_10_10_10_10_10_10_10_10_10_10_10_10_10_10_10_10_10_10_10_1.jpg","url":"https:\/\/www.contejner.cz\/wp-content\/uploads\/bungalow-20544_640_10_10_10_10_10_10_10_10_10_10_10_10_10_10_10_10_10_10_10_10_10_1.jpg","height":0,"width":0},"keywords":null},{"@type":"Article","@id":"https:\/\/www.contejner.cz\/pro-deti-to-nejlepsi\/","headline":"Pro d\u011bti to nejlep\u0161\u00ed","url":"https:\/\/www.contejner.cz\/pro-deti-to-nejlepsi\/","datePublished":"2025-06-03","dateModified":"2025-06-03","mainEntityOfPage":"https:\/\/www.contejner.cz\/pro-deti-to-nejlepsi\/","author":{"@type":"Person","@id":"https:\/\/www.contejner.cz\/author\/#Person","name":"","url":"https:\/\/www.contejner.cz\/author\/","identifier":1,"image":{"@type":"ImageObject","@id":"https:\/\/secure.gravatar.com\/avatar\/11f8c6ff4d174e1ebef1d6401491d0892ff6534e7a3312fbf752a8f90a4375cd?s=96&d=mm&r=g","url":"https:\/\/secure.gravatar.com\/avatar\/11f8c6ff4d174e1ebef1d6401491d0892ff6534e7a3312fbf752a8f90a4375cd?s=96&d=mm&r=g","height":96,"width":96}},"publisher":{"@type":"Organization","name":"contejner.cz","logo":{"@type":"ImageObject","@id":"\/logo.png","url":"\/logo.png","width":600,"height":60}},"image":{"@type":"ImageObject","@id":"https:\/\/www.contejner.cz\/wp-content\/uploads\/pexels-pavel-danilyuk-7055873_1.jpg","url":"https:\/\/www.contejner.cz\/wp-content\/uploads\/pexels-pavel-danilyuk-7055873_1.jpg","height":0,"width":0},"keywords":null},{"@type":"Article","@id":"https:\/\/www.contejner.cz\/mate-radi-moderni-bydleni\/","headline":"M\u00e1te r\u00e1di modern\u00ed bydlen\u00ed?","url":"https:\/\/www.contejner.cz\/mate-radi-moderni-bydleni\/","datePublished":"2025-03-04","dateModified":"2023-04-30","mainEntityOfPage":"https:\/\/www.contejner.cz\/mate-radi-moderni-bydleni\/","author":{"@type":"Person","@id":"https:\/\/www.contejner.cz\/author\/#Person","name":"","url":"https:\/\/www.contejner.cz\/author\/","identifier":1,"image":{"@type":"ImageObject","@id":"https:\/\/secure.gravatar.com\/avatar\/11f8c6ff4d174e1ebef1d6401491d0892ff6534e7a3312fbf752a8f90a4375cd?s=96&d=mm&r=g","url":"https:\/\/secure.gravatar.com\/avatar\/11f8c6ff4d174e1ebef1d6401491d0892ff6534e7a3312fbf752a8f90a4375cd?s=96&d=mm&r=g","height":96,"width":96}},"publisher":{"@type":"Organization","name":"contejner.cz","logo":{"@type":"ImageObject","@id":"\/logo.png","url":"\/logo.png","width":600,"height":60}},"image":{"@type":"ImageObject","@id":"https:\/\/www.contejner.cz\/wp-content\/uploads\/img_a319381_w2585_t1530384954.jpg","url":"https:\/\/www.contejner.cz\/wp-content\/uploads\/img_a319381_w2585_t1530384954.jpg","height":0,"width":0},"keywords":null},{"@type":"Article","@id":"https:\/\/www.contejner.cz\/bydleni-snu\/","headline":"Bydlen\u00ed sn\u016f","url":"https:\/\/www.contejner.cz\/bydleni-snu\/","datePublished":"2025-03-02","dateModified":"2023-04-30","mainEntityOfPage":"https:\/\/www.contejner.cz\/bydleni-snu\/","author":{"@type":"Person","@id":"https:\/\/www.contejner.cz\/author\/#Person","name":"","url":"https:\/\/www.contejner.cz\/author\/","identifier":1,"image":{"@type":"ImageObject","@id":"https:\/\/secure.gravatar.com\/avatar\/11f8c6ff4d174e1ebef1d6401491d0892ff6534e7a3312fbf752a8f90a4375cd?s=96&d=mm&r=g","url":"https:\/\/secure.gravatar.com\/avatar\/11f8c6ff4d174e1ebef1d6401491d0892ff6534e7a3312fbf752a8f90a4375cd?s=96&d=mm&r=g","height":96,"width":96}},"publisher":{"@type":"Organization","name":"contejner.cz","logo":{"@type":"ImageObject","@id":"\/logo.png","url":"\/logo.png","width":600,"height":60}},"image":{"@type":"ImageObject","@id":"https:\/\/www.contejner.cz\/wp-content\/uploads\/img_a332475_w2585_t1545299197.jpg","url":"https:\/\/www.contejner.cz\/wp-content\/uploads\/img_a332475_w2585_t1545299197.jpg","height":0,"width":0},"keywords":null},{"@type":"Article","@id":"https:\/\/www.contejner.cz\/matrace-jsou-jednim-z-nejdulezitejsich-predmetu-v-domacnosti\/","headline":"Matrace jsou jedn\u00edm z nejd\u016fle\u017eit\u011bj\u0161\u00edch p\u0159edm\u011bt\u016f v dom\u00e1cnosti","url":"https:\/\/www.contejner.cz\/matrace-jsou-jednim-z-nejdulezitejsich-predmetu-v-domacnosti\/","datePublished":"2019-02-01","dateModified":"2023-04-30","mainEntityOfPage":"https:\/\/www.contejner.cz\/matrace-jsou-jednim-z-nejdulezitejsich-predmetu-v-domacnosti\/","author":{"@type":"Person","@id":"https:\/\/www.contejner.cz\/author\/#Person","name":"","url":"https:\/\/www.contejner.cz\/author\/","identifier":1,"image":{"@type":"ImageObject","@id":"https:\/\/secure.gravatar.com\/avatar\/11f8c6ff4d174e1ebef1d6401491d0892ff6534e7a3312fbf752a8f90a4375cd?s=96&d=mm&r=g","url":"https:\/\/secure.gravatar.com\/avatar\/11f8c6ff4d174e1ebef1d6401491d0892ff6534e7a3312fbf752a8f90a4375cd?s=96&d=mm&r=g","height":96,"width":96}},"publisher":{"@type":"Organization","name":"contejner.cz","logo":{"@type":"ImageObject","@id":"\/logo.png","url":"\/logo.png","width":600,"height":60}},"image":{"@type":"ImageObject","@id":"https:\/\/www.contejner.cz\/wp-content\/uploads\/img_a338134_w2585_t1550928381.jpg","url":"https:\/\/www.contejner.cz\/wp-content\/uploads\/img_a338134_w2585_t1550928381.jpg","height":0,"width":0},"keywords":null},{"@type":"Article","@id":"https:\/\/www.contejner.cz\/i-v-malem-byte-se-da-pohodlne-bydlet\/","headline":"I v mal\u00e9m byt\u011b se d\u00e1 pohodln\u011b bydlet","url":"https:\/\/www.contejner.cz\/i-v-malem-byte-se-da-pohodlne-bydlet\/","datePublished":"2018-12-18","dateModified":"2023-04-30","mainEntityOfPage":"https:\/\/www.contejner.cz\/i-v-malem-byte-se-da-pohodlne-bydlet\/","author":{"@type":"Person","@id":"https:\/\/www.contejner.cz\/author\/#Person","name":"","url":"https:\/\/www.contejner.cz\/author\/","identifier":1,"image":{"@type":"ImageObject","@id":"https:\/\/secure.gravatar.com\/avatar\/11f8c6ff4d174e1ebef1d6401491d0892ff6534e7a3312fbf752a8f90a4375cd?s=96&d=mm&r=g","url":"https:\/\/secure.gravatar.com\/avatar\/11f8c6ff4d174e1ebef1d6401491d0892ff6534e7a3312fbf752a8f90a4375cd?s=96&d=mm&r=g","height":96,"width":96}},"publisher":{"@type":"Organization","name":"contejner.cz","logo":{"@type":"ImageObject","@id":"\/logo.png","url":"\/logo.png","width":600,"height":60}},"image":{"@type":"ImageObject","@id":"https:\/\/www.contejner.cz\/wp-content\/uploads\/img_a331662_w2585_t1544265182.jpg","url":"https:\/\/www.contejner.cz\/wp-content\/uploads\/img_a331662_w2585_t1544265182.jpg","height":0,"width":0},"keywords":null},{"@type":"Article","@id":"https:\/\/www.contejner.cz\/pujcte-si-vyhodne-na-to-co-potrebujete\/","headline":"P\u016fj\u010dte si v\u00fdhodn\u011b na to, co pot\u0159ebujete","url":"https:\/\/www.contejner.cz\/pujcte-si-vyhodne-na-to-co-potrebujete\/","datePublished":"2018-08-24","dateModified":"2023-04-30","mainEntityOfPage":"https:\/\/www.contejner.cz\/pujcte-si-vyhodne-na-to-co-potrebujete\/","author":{"@type":"Person","@id":"https:\/\/www.contejner.cz\/author\/#Person","name":"","url":"https:\/\/www.contejner.cz\/author\/","identifier":1,"image":{"@type":"ImageObject","@id":"https:\/\/secure.gravatar.com\/avatar\/11f8c6ff4d174e1ebef1d6401491d0892ff6534e7a3312fbf752a8f90a4375cd?s=96&d=mm&r=g","url":"https:\/\/secure.gravatar.com\/avatar\/11f8c6ff4d174e1ebef1d6401491d0892ff6534e7a3312fbf752a8f90a4375cd?s=96&d=mm&r=g","height":96,"width":96}},"publisher":{"@type":"Organization","name":"contejner.cz","logo":{"@type":"ImageObject","@id":"\/logo.png","url":"\/logo.png","width":600,"height":60}},"image":{"@type":"ImageObject","@id":"https:\/\/www.contejner.cz\/wp-content\/uploads\/img_a323217_w2585_t1534966954.png","url":"https:\/\/www.contejner.cz\/wp-content\/uploads\/img_a323217_w2585_t1534966954.png","height":0,"width":0},"keywords":null},{"@type":"Article","@id":"https:\/\/www.contejner.cz\/postel-z-masivu-90x200\/","headline":"Postel z masivu 90&#215;200","url":"https:\/\/www.contejner.cz\/postel-z-masivu-90x200\/","datePublished":"2018-07-05","dateModified":"2023-05-22","mainEntityOfPage":"https:\/\/www.contejner.cz\/postel-z-masivu-90x200\/","author":{"@type":"Person","@id":"https:\/\/www.contejner.cz\/author\/#Person","name":"","url":"https:\/\/www.contejner.cz\/author\/","identifier":1,"image":{"@type":"ImageObject","@id":"https:\/\/secure.gravatar.com\/avatar\/11f8c6ff4d174e1ebef1d6401491d0892ff6534e7a3312fbf752a8f90a4375cd?s=96&d=mm&r=g","url":"https:\/\/secure.gravatar.com\/avatar\/11f8c6ff4d174e1ebef1d6401491d0892ff6534e7a3312fbf752a8f90a4375cd?s=96&d=mm&r=g","height":96,"width":96}},"publisher":{"@type":"Organization","name":"contejner.cz","logo":{"@type":"ImageObject","@id":"\/logo.png","url":"\/logo.png","width":600,"height":60}},"image":{"@type":"ImageObject","@id":"https:\/\/www.contejner.cz\/wp-content\/uploads\/img_a320198_w2585_t1531419413.jpg","url":"https:\/\/www.contejner.cz\/wp-content\/uploads\/img_a320198_w2585_t1531419413.jpg","height":0,"width":0},"keywords":null},{"@type":"Article","@id":"https:\/\/www.contejner.cz\/americka-nebankovni-hypoteka-je-velkym-konkurentem-klasickym-bankovnim-hypotekam\/","headline":"Americk\u00e1 NEBANKOVN\u00cd hypot\u00e9ka je velk\u00fdm konkurentem klasick\u00fdm BANKOVN\u00cdM hypot\u00e9k\u00e1m","url":"https:\/\/www.contejner.cz\/americka-nebankovni-hypoteka-je-velkym-konkurentem-klasickym-bankovnim-hypotekam\/","datePublished":"2018-03-23","dateModified":"2023-04-30","mainEntityOfPage":"https:\/\/www.contejner.cz\/americka-nebankovni-hypoteka-je-velkym-konkurentem-klasickym-bankovnim-hypotekam\/","author":{"@type":"Person","@id":"https:\/\/www.contejner.cz\/author\/#Person","name":"","url":"https:\/\/www.contejner.cz\/author\/","identifier":1,"image":{"@type":"ImageObject","@id":"https:\/\/secure.gravatar.com\/avatar\/11f8c6ff4d174e1ebef1d6401491d0892ff6534e7a3312fbf752a8f90a4375cd?s=96&d=mm&r=g","url":"https:\/\/secure.gravatar.com\/avatar\/11f8c6ff4d174e1ebef1d6401491d0892ff6534e7a3312fbf752a8f90a4375cd?s=96&d=mm&r=g","height":96,"width":96}},"publisher":{"@type":"Organization","name":"contejner.cz","logo":{"@type":"ImageObject","@id":"\/logo.png","url":"\/logo.png","width":600,"height":60}},"image":{"@type":"ImageObject","@id":"https:\/\/www.contejner.cz\/wp-content\/uploads\/img_a315309_w2585_t1526221166.jpg","url":"https:\/\/www.contejner.cz\/wp-content\/uploads\/img_a315309_w2585_t1526221166.jpg","height":0,"width":0},"keywords":null},{"@type":"Article","@id":"https:\/\/www.contejner.cz\/nejprve-ziskejte-jistotu\/","headline":"Nejprve z\u00edskejte jistotu","url":"https:\/\/www.contejner.cz\/nejprve-ziskejte-jistotu\/","datePublished":"2017-11-23","dateModified":"2023-04-30","mainEntityOfPage":"https:\/\/www.contejner.cz\/nejprve-ziskejte-jistotu\/","author":{"@type":"Person","@id":"https:\/\/www.contejner.cz\/author\/#Person","name":"","url":"https:\/\/www.contejner.cz\/author\/","identifier":1,"image":{"@type":"ImageObject","@id":"https:\/\/secure.gravatar.com\/avatar\/11f8c6ff4d174e1ebef1d6401491d0892ff6534e7a3312fbf752a8f90a4375cd?s=96&d=mm&r=g","url":"https:\/\/secure.gravatar.com\/avatar\/11f8c6ff4d174e1ebef1d6401491d0892ff6534e7a3312fbf752a8f90a4375cd?s=96&d=mm&r=g","height":96,"width":96}},"publisher":{"@type":"Organization","name":"contejner.cz","logo":{"@type":"ImageObject","@id":"\/logo.png","url":"\/logo.png","width":600,"height":60}},"image":{"@type":"ImageObject","@id":"https:\/\/www.contejner.cz\/wp-content\/uploads\/img_a307614_w1966_t1518863727.jpg","url":"https:\/\/www.contejner.cz\/wp-content\/uploads\/img_a307614_w1966_t1518863727.jpg","height":0,"width":0},"keywords":null}]}